{"id":64,"date":"2022-11-28T14:47:11","date_gmt":"2022-11-28T14:47:11","guid":{"rendered":"https:\/\/ondard.com\/?post_type=blog_post&#038;p=64"},"modified":"2022-11-30T13:19:06","modified_gmt":"2022-11-30T13:19:06","slug":"prueba-de-blog","status":"publish","type":"blog_post","link":"https:\/\/ondard.com\/?blog_post=prueba-de-blog","title":{"rendered":"Kim Kardashian indignada por pol\u00e9mica campa\u00f1a de Balenciaga; reeval\u00faa colaboraci\u00f3n con la marca"},"content":{"rendered":"\n<p><strong>AFP<\/strong><\/p>\n\n\n\n<p>Nueva York&nbsp;&#8211; nov. 28, 2022 | 07:03 p. m.<\/p>\n\n\n\n<p>La influencer estadounidense&nbsp;<strong>Kim Kardashian<\/strong>&nbsp;est\u00e1 &#8220;revaluando&#8221; su relaci\u00f3n con la marca de lujo&nbsp;<strong>Balenciaga<\/strong>, en el centro de la pol\u00e9mica por una&nbsp;<strong>campa\u00f1a publicitaria<\/strong>&nbsp;en la que aparecen menores junto a accesorios sexuales.<\/p>\n\n\n\n<p>La casa francesa, propiedad del grupo de lujo Kering, se disculp\u00f3 la semana pasada en su cuenta de Instagram y retir\u00f3 varias fotos de la campa\u00f1a de la&nbsp;<strong>colecci\u00f3n primavera verano 2023<\/strong>, entre ellas una en la que aparec\u00eda un menor que sosten\u00eda un bolso con forma de oso blanco envuelto en cinturones negros.<\/p>\n\n\n\n<p>Algunos internautas tambi\u00e9n se\u00f1alaron que en otra foto, un bolso surgido de la colaboraci\u00f3n&nbsp;<strong>Balenciaga<\/strong>-Adidas reposa sobre documentos en los que est\u00e1n impresos extractos de una decisi\u00f3n del Tribunal Supremo estadounidense sobre&nbsp;<strong>pornograf\u00eda infantil<\/strong>.<\/p>\n\n\n\n<p>&#8220;He permanecido en silencio estos \u00faltimos d\u00edas, no porque no me hayan&nbsp;<strong>asqueado e indignado&nbsp;<\/strong>las recientes campa\u00f1as de&nbsp;<strong>Balenciaga<\/strong>, sino porque quer\u00eda hablar con su equipo para comprender por m\u00ed misma c\u00f3mo ha podido ocurrir&#8221;, escribi\u00f3 el domingo por la noche en su cuenta de Twitter&nbsp;<strong>Kim Kardashian<\/strong>.<\/p>\n\n\n\n<p>La influencer, madre de&nbsp;<strong>cuatro hijos con Kanye West<\/strong>, que cuenta entre sus marcas patrocinadoras a&nbsp;<strong>Balenciaga<\/strong>, dice estar &#8220;conmocionada por estas im\u00e1genes perturbadoras&#8221; y asegura &#8220;agradecer la retirada de las campa\u00f1as y (las) disculpas de&nbsp;<strong>Balenciaga<\/strong>&#8220;.<\/p>\n\n\n\n<p>&#8220;En cuanto a mi futuro con\u00a0<strong>Balenciaga<\/strong>,\u00a0<strong>estoy revaluando mi relaci\u00f3n con la marca, en base a su voluntad de aceptar la responsabilidad<\/strong>\u00a0de algo que nunca hubiera debido ocurrir &#8211; y las acciones que espero de ellos para proteger a los menores&#8221;, agrega la influencer a sus 74 millones de seguidores.<\/p>\n\n\n\n<p><\/p>\n\n\n\n<p><\/p>\n\n\n\n<p><\/p>\n\n\n\n<p><\/p>\n\n\n\n<p>Fuente: Diario Libre<\/p>\n\n\n\n<p><a href=\"https:\/\/www.diariolibre.com\/revista\/moda\/2022\/11\/28\/kim-kardashian-reevalua-seguir-colaborando-con-balenciaga\/2154790\">https:\/\/www.diariolibre.com\/revista\/moda\/2022\/11\/28\/kim-kardashian-reevalua-seguir-colaborando-con-balenciaga\/2154790<\/a><\/p>\n","protected":false},"excerpt":{"rendered":"<p>AFP Nueva York&nbsp;&#8211; nov. 28, 2022 | 07:03 p. m. La influencer estadounidense&nbsp;Kim Kardashian&nbsp;est\u00e1 &#8220;revaluando&#8221; su relaci\u00f3n con la marca de lujo&nbsp;Balenciaga, en el centro de la pol\u00e9mica por una&nbsp;campa\u00f1a publicitaria&nbsp;en la que aparecen menores junto a accesorios sexuales. La casa francesa, propiedad del grupo de lujo Kering, se disculp\u00f3 la semana pasada en su [&hellip;]<\/p>\n","protected":false},"author":1,"featured_media":94,"comment_status":"open","ping_status":"closed","template":"","tags":[],"blog-category":[],"class_list":["post-64","blog_post","type-blog_post","status-publish","has-post-thumbnail","hentry"],"acf":[],"post_slider_layout_featured_media_urls":{"thumbnail":["https:\/\/ondard.com\/wp-content\/uploads\/2022\/11\/kim-kardashian-celebridad-00b572f0-focus-0-0-895-573-150x150.jpg",150,150,true],"post_slider_layout_landscape_large":["https:\/\/ondard.com\/wp-content\/uploads\/2022\/11\/kim-kardashian-celebridad-00b572f0-focus-0-0-895-573.jpg",895,573,false],"post_slider_layout_portrait_large":["https:\/\/ondard.com\/wp-content\/uploads\/2022\/11\/kim-kardashian-celebridad-00b572f0-focus-0-0-895-573.jpg",895,573,false],"post_slider_layout_square_large":["https:\/\/ondard.com\/wp-content\/uploads\/2022\/11\/kim-kardashian-celebridad-00b572f0-focus-0-0-895-573.jpg",895,573,false],"post_slider_layout_landscape":["https:\/\/ondard.com\/wp-content\/uploads\/2022\/11\/kim-kardashian-celebridad-00b572f0-focus-0-0-895-573-600x400.jpg",600,400,true],"post_slider_layout_portrait":["https:\/\/ondard.com\/wp-content\/uploads\/2022\/11\/kim-kardashian-celebridad-00b572f0-focus-0-0-895-573-600x573.jpg",600,573,true],"post_slider_layout_square":["https:\/\/ondard.com\/wp-content\/uploads\/2022\/11\/kim-kardashian-celebridad-00b572f0-focus-0-0-895-573-600x573.jpg",600,573,true],"full":["https:\/\/ondard.com\/wp-content\/uploads\/2022\/11\/kim-kardashian-celebridad-00b572f0-focus-0-0-895-573.jpg",895,573,false]},"_links":{"self":[{"href":"https:\/\/ondard.com\/index.php?rest_route=\/wp\/v2\/blog_post\/64","targetHints":{"allow":["GET"]}}],"collection":[{"href":"https:\/\/ondard.com\/index.php?rest_route=\/wp\/v2\/blog_post"}],"about":[{"href":"https:\/\/ondard.com\/index.php?rest_route=\/wp\/v2\/types\/blog_post"}],"author":[{"embeddable":true,"href":"https:\/\/ondard.com\/index.php?rest_route=\/wp\/v2\/users\/1"}],"replies":[{"embeddable":true,"href":"https:\/\/ondard.com\/index.php?rest_route=%2Fwp%2Fv2%2Fcomments&post=64"}],"wp:featuredmedia":[{"embeddable":true,"href":"https:\/\/ondard.com\/index.php?rest_route=\/wp\/v2\/media\/94"}],"wp:attachment":[{"href":"https:\/\/ondard.com\/index.php?rest_route=%2Fwp%2Fv2%2Fmedia&parent=64"}],"wp:term":[{"taxonomy":"post_tag","embeddable":true,"href":"https:\/\/ondard.com\/index.php?rest_route=%2Fwp%2Fv2%2Ftags&post=64"},{"taxonomy":"blog-category","embeddable":true,"href":"https:\/\/ondard.com\/index.php?rest_route=%2Fwp%2Fv2%2Fblog-category&post=64"}],"curies":[{"name":"wp","href":"https:\/\/api.w.org\/{rel}","templated":true}]}}