{"id":181,"date":"2022-12-09T16:20:40","date_gmt":"2022-12-09T16:20:40","guid":{"rendered":"https:\/\/ondard.com\/?post_type=blog_post&#038;p=181"},"modified":"2022-12-09T16:20:41","modified_gmt":"2022-12-09T16:20:41","slug":"padre-del-nino-fallecido-dice-la-madre-se-desquitaba-con-el-infante","status":"publish","type":"blog_post","link":"https:\/\/ondard.com\/?blog_post=padre-del-nino-fallecido-dice-la-madre-se-desquitaba-con-el-infante","title":{"rendered":"Padre del ni\u00f1o fallecido dice la madre se &#8220;desquitaba&#8221; con el infante"},"content":{"rendered":"\n<p>Ten\u00eda orden de alejamiento por pegarle a la joven tras ver supuestas agresiones contra sus hijos<\/p>\n\n\n\n<p>La audiencia contra la madre del ni\u00f1o fue aplazada para el pr\u00f3ximo domingo<\/p>\n\n\n\n<p>El padre del ni\u00f1o de dos a\u00f1os que falleci\u00f3 en el sector<strong>&nbsp;Los Praditos, del Distrito Nacional<\/strong>, producto de los supuestos golpes que le daba la madre, manifest\u00f3 que la mujer estaba acostumbrada a maltrato, al igual que al otro beb\u00e9, de ocho meses, asegur\u00f3 el hombre que tiene en su contra una orden de alejamiento por violencia de g\u00e9nero.<\/p>\n\n\n\n<p>&#8220;Ella le daba como si fueran dos hombres peleando, el ni\u00f1o no ten\u00eda la culpa de nada y le pegaba cucharas calientes, le daba golpes por la cabeza, porque yo no le daba dinero, le enviaba los pa\u00f1ales y la leche. Los devolv\u00eda al colmado para ponerse u\u00f1as y arreglarse en el sal\u00f3n&#8221;, narr\u00f3&nbsp;<strong>Melvin Antonio de la Cruz,&nbsp;<\/strong>mientras acud\u00eda a la audiencia en contra la mujer en el Palacio de Justicia.&nbsp;<\/p>\n\n\n\n<p>El padre de 18 a\u00f1os, dijo que cuando ve\u00eda a su expareja, de la misma edad,&nbsp;<strong>Hony Rinc\u00f3n Mu\u00f1oz<\/strong>&nbsp;maltratando a su hijo, \u00e9l reaccionaba y la agred\u00eda de igual forma, por lo que la dama se querell\u00f3 en su contra y le impusieron orden de alejamiento.<\/p>\n\n\n\n<p>Agreg\u00f3 que cuando \u00e9l iba a la casa, ella escond\u00eda a los ni\u00f1os para que no los viera, al punto que &#8220;lleg\u00f3 hasta a amarrar al mayor, para que no bajara cuando yo le pitaba&#8221;.<\/p>\n\n\n\n<p><strong>&#8220;Yo no forc\u00e9 para quitarle al ni\u00f1o porque yo tengo una orden de alejamiento, pero yo digo siempre: a la justicia que resuelva, lo dejo en manos de la justicia porque no quiero problemas&#8221;<\/strong>, expres\u00f3 durante una conversaci\u00f3n con la prensa.<\/p>\n\n\n\n<p>De la Cruz atribuy\u00f3 el comportamiento de Mu\u00f1oz a los celos, porque pese a que ambos llevan cuatro meses separados, se celan mutuamente, &#8220;cada vez que cog\u00eda un pique conmigo, siempre lo quer\u00eda pagar con los ni\u00f1os&#8221;.<\/p>\n\n\n\n<p>&#8220;Cada vez que cog\u00eda un quille conmigo me amenazaba que se lo iba a desquitar con los ni\u00f1os&#8221;, acus\u00f3 a Mu\u00f1oz.<\/p>\n\n\n\n<p>La abuela del ni\u00f1o fallecido dijo que se hab\u00eda querellado contra Mu\u00f1oz porque el ni\u00f1o ten\u00eda hematomas en la cabeza producto de los golpes, adem\u00e1s, que supuestamente lleg\u00f3 a dejarlo en zafacones y los vecinos lo rescataron.<\/p>\n\n\n\n<p>Dijo que Mu\u00f1oz lleg\u00f3 a herir a su hijo de una estocada, por lo que estuvo ingresado en un centro m\u00e9dico cercano al barrio.<\/p>\n\n\n\n<p>La audiencia en contra de la madre del ni\u00f1o fue aplazada para el pr\u00f3ximo domingo.\u00a0<\/p>\n\n\n\n<p>Fuente:Diariolibre.com <a href=\"https:\/\/www.diariolibre.com\/actualidad\/nacional\/2022\/12\/09\/lo-que-dice-el-padre-del-menor-fallecido-en-los-praditos\/2165245\">Lo que dice el padre del menor fallecido en Los Praditos &#8211; Diario Libre<\/a><\/p>\n\n\n\n<p><\/p>\n","protected":false},"excerpt":{"rendered":"<p>Ten\u00eda orden de alejamiento por pegarle a la joven tras ver supuestas agresiones contra sus hijos La audiencia contra la madre del ni\u00f1o fue aplazada para el pr\u00f3ximo domingo El padre del ni\u00f1o de dos a\u00f1os que falleci\u00f3 en el sector&nbsp;Los Praditos, del Distrito Nacional, producto de los supuestos golpes que le daba la madre, [&hellip;]<\/p>\n","protected":false},"author":4,"featured_media":182,"comment_status":"open","ping_status":"closed","template":"","tags":[],"blog-category":[],"class_list":["post-181","blog_post","type-blog_post","status-publish","has-post-thumbnail","hentry"],"acf":[],"post_slider_layout_featured_media_urls":{"thumbnail":["https:\/\/ondard.com\/wp-content\/uploads\/2022\/12\/padre-c3975b97-focus-0-0-895-573-150x150.jpg",150,150,true],"post_slider_layout_landscape_large":["https:\/\/ondard.com\/wp-content\/uploads\/2022\/12\/padre-c3975b97-focus-0-0-895-573.jpg",895,573,false],"post_slider_layout_portrait_large":["https:\/\/ondard.com\/wp-content\/uploads\/2022\/12\/padre-c3975b97-focus-0-0-895-573.jpg",895,573,false],"post_slider_layout_square_large":["https:\/\/ondard.com\/wp-content\/uploads\/2022\/12\/padre-c3975b97-focus-0-0-895-573.jpg",895,573,false],"post_slider_layout_landscape":["https:\/\/ondard.com\/wp-content\/uploads\/2022\/12\/padre-c3975b97-focus-0-0-895-573-600x400.jpg",600,400,true],"post_slider_layout_portrait":["https:\/\/ondard.com\/wp-content\/uploads\/2022\/12\/padre-c3975b97-focus-0-0-895-573-600x573.jpg",600,573,true],"post_slider_layout_square":["https:\/\/ondard.com\/wp-content\/uploads\/2022\/12\/padre-c3975b97-focus-0-0-895-573-600x573.jpg",600,573,true],"full":["https:\/\/ondard.com\/wp-content\/uploads\/2022\/12\/padre-c3975b97-focus-0-0-895-573.jpg",895,573,false]},"_links":{"self":[{"href":"https:\/\/ondard.com\/index.php?rest_route=\/wp\/v2\/blog_post\/181","targetHints":{"allow":["GET"]}}],"collection":[{"href":"https:\/\/ondard.com\/index.php?rest_route=\/wp\/v2\/blog_post"}],"about":[{"href":"https:\/\/ondard.com\/index.php?rest_route=\/wp\/v2\/types\/blog_post"}],"author":[{"embeddable":true,"href":"https:\/\/ondard.com\/index.php?rest_route=\/wp\/v2\/users\/4"}],"replies":[{"embeddable":true,"href":"https:\/\/ondard.com\/index.php?rest_route=%2Fwp%2Fv2%2Fcomments&post=181"}],"wp:featuredmedia":[{"embeddable":true,"href":"https:\/\/ondard.com\/index.php?rest_route=\/wp\/v2\/media\/182"}],"wp:attachment":[{"href":"https:\/\/ondard.com\/index.php?rest_route=%2Fwp%2Fv2%2Fmedia&parent=181"}],"wp:term":[{"taxonomy":"post_tag","embeddable":true,"href":"https:\/\/ondard.com\/index.php?rest_route=%2Fwp%2Fv2%2Ftags&post=181"},{"taxonomy":"blog-category","embeddable":true,"href":"https:\/\/ondard.com\/index.php?rest_route=%2Fwp%2Fv2%2Fblog-category&post=181"}],"curies":[{"name":"wp","href":"https:\/\/api.w.org\/{rel}","templated":true}]}}