{"id":1139,"date":"2025-06-21T15:11:58","date_gmt":"2025-06-21T15:11:58","guid":{"rendered":"https:\/\/ondard.com\/?post_type=blog_post&#038;p=1139"},"modified":"2025-06-21T15:11:59","modified_gmt":"2025-06-21T15:11:59","slug":"crean-herramienta-para-medir-impacto-emocional-del-uso-del-celular-en-jovenes","status":"publish","type":"blog_post","link":"https:\/\/ondard.com\/?blog_post=crean-herramienta-para-medir-impacto-emocional-del-uso-del-celular-en-jovenes","title":{"rendered":"Crean herramienta para medir impacto emocional del uso del celular en j\u00f3venes."},"content":{"rendered":"\n<p><\/p>\n\n\n\n<p>Investigadores de la&nbsp;<strong>Universidad Francisco de Vitoria<\/strong>&nbsp;y la&nbsp;<strong>Universidad Rey Juan Carlos<\/strong>&nbsp;han desarrollado la&nbsp;<strong>PSSNUS<\/strong>, una nueva herramienta psicom\u00e9trica que eval\u00faa el impacto emocional y social del uso problem\u00e1tico del smartphone y las redes sociales en la poblaci\u00f3n joven.<\/p>\n\n\n\n<p>Los investigadores han dise\u00f1ado y validado esta herramienta a trav\u00e9s del estudio &#8216;Aspectos sociales del uso problem\u00e1tico de tel\u00e9fonos inteligentes: desarrollo y validaci\u00f3n del PSSNUS e implicaciones para la salud mental de los j\u00f3venes espa\u00f1oles&#8217;, con el objetivo de identificar perfiles de riesgo, dise\u00f1ar programas de prevenci\u00f3n y mejorar la intervenci\u00f3n cl\u00ednica.<\/p>\n\n\n\n<p>En este sentido, el estudio que cuenta con una muestra de m\u00e1s de 700 j\u00f3venes de entre 18 y 35 a\u00f1os, afirma que el uso excesivo y desregulado del tel\u00e9fono m\u00f3vil empieza a mostrar consecuencias claras en la salud mental y el bienestar relacional en los j\u00f3venes: ansiedad, dificultades de concentraci\u00f3n, baja autoestima o aislamiento social.&nbsp;<\/p>\n\n\n\n<p>As\u00ed, la PSSNUS eval\u00faa cinco factores claves para comprender el uso problem\u00e1tico del m\u00f3vil.<\/p>\n\n\n\n<p>En primer lugar, mide la necesidad constante de revisar el m\u00f3vil y el malestar asociado a la desconexi\u00f3n, que refleja una dependencia emocional.&nbsp;<\/p>\n\n\n\n<p>&#8220;Muchos j\u00f3venes sienten inquietud si pasan un rato sin el m\u00f3vil, incluso cuando est\u00e1n con amigos o en actividades agradables&#8221;, explica el psic\u00f3logo e investigador de la UFV,&nbsp;<strong>Carlos Marchena-Gir\u00e1ldez<\/strong>.<\/p>\n\n\n\n<p>La escala tambi\u00e9n identifica una preferencia creciente por comunicarse a trav\u00e9s del m\u00f3vil en lugar de hacerlo cara a cara.&nbsp;<\/p>\n\n\n\n<p>&#8220;Es m\u00e1s c\u00f3modo escribir que hablar, pero cuando esto se convierte en la forma principal de comunicarse, las habilidades sociales se ven afectadas. Se pierde la costumbre de mirar al otro, escuchar con atenci\u00f3n o gestionar el silencio&#8221;, se\u00f1ala la psic\u00f3loga del equipo,&nbsp;<strong>Christa Bewernick<\/strong>.<\/p>\n\n\n\n<p>Asimismo, la PSSNUS mide la necesidad de validaci\u00f3n y comparaci\u00f3n social constante, que puede generar malestar emocional.&nbsp;<\/p>\n\n\n\n<p>Seg\u00fan los datos del estudio, este factor es m\u00e1s com\u00fan en mujeres, que comparan su vida con lo que ven en redes sociales y acaban sinti\u00e9ndose menos v\u00e1lidas, menos atractivas o menos exitosas.&nbsp;<\/p>\n\n\n\n<p>&#8220;El deseo de reconocimiento digital es el factor que m\u00e1s se relaciona con ansiedad, depresi\u00f3n y estr\u00e9s&#8221;, afirma la coautora del estudio,&nbsp;<strong>Myriam Carbonell-Colomer<\/strong>.<\/p>\n\n\n\n<p>Esta herramienta tambi\u00e9n ha identificado un patr\u00f3n de comportamiento basado en el control de la actividad de los dem\u00e1s. Revisar lo que hacen personas cercanas, molestarse si no responden r\u00e1pido o crear grupos excluyendo a alguien son pr\u00e1cticas&nbsp;<strong>&#8220;cada vez m\u00e1s comunes&#8221;<\/strong>.&nbsp;<\/p>\n\n\n\n<p>Son formas de control que&nbsp;<strong>&#8220;parecen inofensivas<\/strong>, pero reflejan una necesidad de tener siempre informaci\u00f3n o respuesta inmediata. Y cuando esto no ocurre, se genera inseguridad o conflicto&#8221;, explican los expertos.<\/p>\n\n\n\n<p>Por \u00faltimo, la escala identifica que el uso reiterado del m\u00f3vil interfiere en la concentraci\u00f3n, el descanso, el rendimiento y en la calidad de vida. &#8220;No es solo perder el tiempo, es perder el foco. Afecta a los estudios, al trabajo, incluso a momentos en los que se necesita descanso. Y eso, a largo plazo, pasa factura&#8221;, concluye Bernab\u00e9u-Brot\u00f3ns.<\/p>\n\n\n\n<p><\/p>\n\n\n\n<p>Fuente: List\u00edn Diario <\/p>\n\n\n\n<p><a href=\"https:\/\/listindiario.com\/las-mundiales\/20250620\/investigadores-crean-herramienta-medir-impacto-emocional-celular-jovenes_862710.html\">https:\/\/listindiario.com\/las-mundiales\/20250620\/investigadores-crean-herramienta-medir-impacto-emocional-celular-jovenes_862710.html<\/a><\/p>\n\n\n\n<p><\/p>\n","protected":false},"excerpt":{"rendered":"<p>Investigadores de la&nbsp;Universidad Francisco de Vitoria&nbsp;y la&nbsp;Universidad Rey Juan Carlos&nbsp;han desarrollado la&nbsp;PSSNUS, una nueva herramienta psicom\u00e9trica que eval\u00faa el impacto emocional y social del uso problem\u00e1tico del smartphone y las redes sociales en la poblaci\u00f3n joven. Los investigadores han dise\u00f1ado y validado esta herramienta a trav\u00e9s del estudio &#8216;Aspectos sociales del uso problem\u00e1tico de tel\u00e9fonos [&hellip;]<\/p>\n","protected":false},"author":3,"featured_media":1140,"comment_status":"open","ping_status":"closed","template":"","tags":[],"blog-category":[],"class_list":["post-1139","blog_post","type-blog_post","status-publish","has-post-thumbnail","hentry"],"acf":[],"post_slider_layout_featured_media_urls":{"thumbnail":["https:\/\/ondard.com\/wp-content\/uploads\/2025\/06\/67accdb54e14d-150x150.jpeg",150,150,true],"post_slider_layout_landscape_large":["https:\/\/ondard.com\/wp-content\/uploads\/2025\/06\/67accdb54e14d.jpeg",800,533,false],"post_slider_layout_portrait_large":["https:\/\/ondard.com\/wp-content\/uploads\/2025\/06\/67accdb54e14d.jpeg",800,533,false],"post_slider_layout_square_large":["https:\/\/ondard.com\/wp-content\/uploads\/2025\/06\/67accdb54e14d.jpeg",800,533,false],"post_slider_layout_landscape":["https:\/\/ondard.com\/wp-content\/uploads\/2025\/06\/67accdb54e14d-600x400.jpeg",600,400,true],"post_slider_layout_portrait":["https:\/\/ondard.com\/wp-content\/uploads\/2025\/06\/67accdb54e14d-600x533.jpeg",600,533,true],"post_slider_layout_square":["https:\/\/ondard.com\/wp-content\/uploads\/2025\/06\/67accdb54e14d-600x533.jpeg",600,533,true],"full":["https:\/\/ondard.com\/wp-content\/uploads\/2025\/06\/67accdb54e14d.jpeg",800,533,false]},"_links":{"self":[{"href":"https:\/\/ondard.com\/index.php?rest_route=\/wp\/v2\/blog_post\/1139","targetHints":{"allow":["GET"]}}],"collection":[{"href":"https:\/\/ondard.com\/index.php?rest_route=\/wp\/v2\/blog_post"}],"about":[{"href":"https:\/\/ondard.com\/index.php?rest_route=\/wp\/v2\/types\/blog_post"}],"author":[{"embeddable":true,"href":"https:\/\/ondard.com\/index.php?rest_route=\/wp\/v2\/users\/3"}],"replies":[{"embeddable":true,"href":"https:\/\/ondard.com\/index.php?rest_route=%2Fwp%2Fv2%2Fcomments&post=1139"}],"wp:featuredmedia":[{"embeddable":true,"href":"https:\/\/ondard.com\/index.php?rest_route=\/wp\/v2\/media\/1140"}],"wp:attachment":[{"href":"https:\/\/ondard.com\/index.php?rest_route=%2Fwp%2Fv2%2Fmedia&parent=1139"}],"wp:term":[{"taxonomy":"post_tag","embeddable":true,"href":"https:\/\/ondard.com\/index.php?rest_route=%2Fwp%2Fv2%2Ftags&post=1139"},{"taxonomy":"blog-category","embeddable":true,"href":"https:\/\/ondard.com\/index.php?rest_route=%2Fwp%2Fv2%2Fblog-category&post=1139"}],"curies":[{"name":"wp","href":"https:\/\/api.w.org\/{rel}","templated":true}]}}