{"id":108,"date":"2022-11-30T16:01:02","date_gmt":"2022-11-30T16:01:02","guid":{"rendered":"https:\/\/ondard.com\/?post_type=blog_post&#038;p=108"},"modified":"2022-11-30T16:01:03","modified_gmt":"2022-11-30T16:01:03","slug":"will-smith-revela-la-verdadera-razon-de-su-bofetada-a-chris-rock-en-los-oscar","status":"publish","type":"blog_post","link":"https:\/\/ondard.com\/?blog_post=will-smith-revela-la-verdadera-razon-de-su-bofetada-a-chris-rock-en-los-oscar","title":{"rendered":"Will Smith revela la verdadera raz\u00f3n de su bofetada a Chris Rock en los Oscar"},"content":{"rendered":"\n<p>El comediante se refiri\u00f3 al tema por primera vez en una entrevista<\/p>\n\n\n\n<p>&#8220;Estaba pasando por algo esa noche, \u00bfsabes?&#8221;, dijo el actor&nbsp;<strong>Will Smith<\/strong>&nbsp;al ser abordado sobre el incidente que lo llev\u00f3 a retirarse temporalmente de la vida p\u00fablica. Finalmente, el int\u00e9rprete revel\u00f3 lo que lo llev\u00f3 a abofetear al comediante&nbsp;<strong>Chris Rock<\/strong>&nbsp;en el escenario de los Oscar en marzo.<\/p>\n\n\n\n<p>&#8220;No es que eso justifique mi comportamiento en absoluto&#8221;, reconoci\u00f3.<\/p>\n\n\n\n<p>Smith dijo que hab\u00eda &#8220;muchos matices y complejidades&#8221;, pero agreg\u00f3: &#8220;Simplemente, perd\u00ed el control &#8220;.<\/p>\n\n\n\n<p>&#8220;Creo que lo que dir\u00eda es que nunca sabes por lo que est\u00e1 pasando alguien&#8221;, dijo, sin dar m\u00e1s detalles sobre a qu\u00e9 se refer\u00eda.<\/p>\n\n\n\n<p>&#8220;Entiendo lo impactante que fue para la gente&#8230; Me pas\u00e9. Esa era una&nbsp;rabia que hab\u00eda estado reprimida durante mucho tiempo&#8221;, agreg\u00f3.<\/p>\n\n\n\n<p>El actor hizo estas declaraciones en la primera&nbsp;<strong>entrevista<\/strong>que dio tras el incidente, que describi\u00f3 como &#8220;una noche horrible&#8221;.<\/p>\n\n\n\n<p>Smith apareci\u00f3 en el episodio del lunes por la noche de &#8220;The Daily Show&#8221; para promocionar su pr\u00f3xima pel\u00edcula &#8220;Emancipation&#8221;, que se estrenar\u00e1 la pr\u00f3xima semana, lo que la hace elegible para los premios Oscar del pr\u00f3ximo a\u00f1o.<\/p>\n\n\n\n<p>Smith, quien recibi\u00f3 el premio al mejor actor de este a\u00f1o despu\u00e9s de la bofetada, dijo que la idea de que su nueva pel\u00edcula estar\u00eda &#8220;manchada&#8221; durante la pr\u00f3xima temporada de premios por sus acciones lo &#8220;estaba matando&#8221;.<\/p>\n\n\n\n<p>Al actor, de 54 a\u00f1os, se le\u00a0prohibi\u00f3 asistir a los Oscar durante 10 a\u00f1os\u00a0y tambi\u00e9n renunci\u00f3 a la Academia, que organiza la ceremonia.<\/p>\n\n\n\n<p><\/p>\n\n\n\n<p><\/p>\n\n\n\n<p><\/p>\n\n\n\n<p><\/p>\n\n\n\n<p>Fuente Diariolibre.com<\/p>\n\n\n\n<p><a href=\"https:\/\/www.diariolibre.com\/revista\/cine\/2022\/11\/29\/will-smith-revela-verdadera-causa-de-bofetada-a-chris-rock\/2155278?utm_source=recomendadas&amp;utm_medium=bloque-home&amp;utm_campaign=blueconic\">https:\/\/www.diariolibre.com\/revista\/cine\/2022\/11\/29\/will-smith-revela-verdadera-causa-de-bofetada-a-chris-rock\/2155278?utm_source=recomendadas&amp;utm_medium=bloque-home&amp;utm_campaign=blueconic<\/a><\/p>\n","protected":false},"excerpt":{"rendered":"<p>El comediante se refiri\u00f3 al tema por primera vez en una entrevista &#8220;Estaba pasando por algo esa noche, \u00bfsabes?&#8221;, dijo el actor&nbsp;Will Smith&nbsp;al ser abordado sobre el incidente que lo llev\u00f3 a retirarse temporalmente de la vida p\u00fablica. Finalmente, el int\u00e9rprete revel\u00f3 lo que lo llev\u00f3 a abofetear al comediante&nbsp;Chris Rock&nbsp;en el escenario de los [&hellip;]<\/p>\n","protected":false},"author":4,"featured_media":109,"comment_status":"open","ping_status":"closed","template":"","tags":[],"blog-category":[],"class_list":["post-108","blog_post","type-blog_post","status-publish","has-post-thumbnail","hentry"],"acf":[],"post_slider_layout_featured_media_urls":{"thumbnail":["https:\/\/ondard.com\/wp-content\/uploads\/2022\/11\/image-e448c3d6-150x150.jpg",150,150,true],"post_slider_layout_landscape_large":["https:\/\/ondard.com\/wp-content\/uploads\/2022\/11\/image-e448c3d6-1200x800.jpg",1200,800,true],"post_slider_layout_portrait_large":["https:\/\/ondard.com\/wp-content\/uploads\/2022\/11\/image-e448c3d6-1200x1000.jpg",1200,1000,true],"post_slider_layout_square_large":["https:\/\/ondard.com\/wp-content\/uploads\/2022\/11\/image-e448c3d6-1200x1000.jpg",1200,1000,true],"post_slider_layout_landscape":["https:\/\/ondard.com\/wp-content\/uploads\/2022\/11\/image-e448c3d6-600x400.jpg",600,400,true],"post_slider_layout_portrait":["https:\/\/ondard.com\/wp-content\/uploads\/2022\/11\/image-e448c3d6-600x900.jpg",600,900,true],"post_slider_layout_square":["https:\/\/ondard.com\/wp-content\/uploads\/2022\/11\/image-e448c3d6-600x600.jpg",600,600,true],"full":["https:\/\/ondard.com\/wp-content\/uploads\/2022\/11\/image-e448c3d6.jpg",1500,1000,false]},"_links":{"self":[{"href":"https:\/\/ondard.com\/index.php?rest_route=\/wp\/v2\/blog_post\/108","targetHints":{"allow":["GET"]}}],"collection":[{"href":"https:\/\/ondard.com\/index.php?rest_route=\/wp\/v2\/blog_post"}],"about":[{"href":"https:\/\/ondard.com\/index.php?rest_route=\/wp\/v2\/types\/blog_post"}],"author":[{"embeddable":true,"href":"https:\/\/ondard.com\/index.php?rest_route=\/wp\/v2\/users\/4"}],"replies":[{"embeddable":true,"href":"https:\/\/ondard.com\/index.php?rest_route=%2Fwp%2Fv2%2Fcomments&post=108"}],"wp:featuredmedia":[{"embeddable":true,"href":"https:\/\/ondard.com\/index.php?rest_route=\/wp\/v2\/media\/109"}],"wp:attachment":[{"href":"https:\/\/ondard.com\/index.php?rest_route=%2Fwp%2Fv2%2Fmedia&parent=108"}],"wp:term":[{"taxonomy":"post_tag","embeddable":true,"href":"https:\/\/ondard.com\/index.php?rest_route=%2Fwp%2Fv2%2Ftags&post=108"},{"taxonomy":"blog-category","embeddable":true,"href":"https:\/\/ondard.com\/index.php?rest_route=%2Fwp%2Fv2%2Fblog-category&post=108"}],"curies":[{"name":"wp","href":"https:\/\/api.w.org\/{rel}","templated":true}]}}