{"id":1075,"date":"2025-04-13T22:08:02","date_gmt":"2025-04-13T22:08:02","guid":{"rendered":"https:\/\/ondard.com\/?post_type=blog_post&#038;p=1075"},"modified":"2025-04-13T22:08:03","modified_gmt":"2025-04-13T22:08:03","slug":"por-que-la-semana-santa-cambia-de-fecha-cada-ano","status":"publish","type":"blog_post","link":"https:\/\/ondard.com\/?blog_post=por-que-la-semana-santa-cambia-de-fecha-cada-ano","title":{"rendered":"\u00bfPor qu\u00e9 la Semana Santa cambia de fecha cada a\u00f1o?"},"content":{"rendered":"\n<p><\/p>\n\n\n\n<p>La&nbsp;<strong>Semana Santa&nbsp;<\/strong>o Semana Mayor es una celebraci\u00f3n de la Iglesia Cat\u00f3lica que conmemora el sacrificio de&nbsp;<strong>Jes\u00fas de Nazaret<\/strong>&nbsp;por la humanidad. Este a\u00f1o inicia oficialmente el d\u00eda 13 de abril,&nbsp;<strong>Domingo de Ramos<\/strong>, hasta el 20 de abril, Domingo de Resurrecci\u00f3n.<\/p>\n\n\n\n<p>Durante esta jornada cristiana, los feligreses reflexionan sobre la \u00faltima semana de Jesucristo en la tierra y c\u00f3mo su pasi\u00f3n, muerte y posterior resurrecci\u00f3n significan una renovaci\u00f3n espiritual y redenci\u00f3n para sus pecados.<\/p>\n\n\n\n<p>Aunque cada a\u00f1o tiende a cambiar de fecha, siempre suele fijarse entre mediados de marzo y abril, coincidiendo con la fase de luna llena y el&nbsp;<strong>equinoccio de primavera<\/strong>, marc\u00e1ndose as\u00ed por el calendario lunar en lugar del calendario gregoriano que habitualmente usamos y que sigue el periodo solar.<\/p>\n\n\n\n<p>De acuerdo con la p\u00e1gina web de National Geographic, el inicio de la Semana Mayor se celebra cada&nbsp;<strong>Domingo de Ramos<\/strong>, que corresponde al siguiente domingo despu\u00e9s de la primera luna llena de primavera y, as\u00ed, cada a\u00f1o comienza en un momento diferente del calendario solar.<\/p>\n\n\n\n<p>A pesar de las variaciones del calendario lunar, la&nbsp;<strong>Pascua cristiana<\/strong>&nbsp;siempre se celebra entre el 22 de marzo y el 25 de abril; estas fechas se repiten en un ciclo de 5,7 millones de a\u00f1os, siendo el 19 de abril la fiesta m\u00e1s frecuente para la celebraci\u00f3n del Domingo de Resurrecci\u00f3n.<\/p>\n\n\n\n<h3 class=\"wp-block-heading\">Origen de la Semana Santa<\/h3>\n\n\n\n<p>Seg\u00fan la&nbsp;<strong>tradici\u00f3n cat\u00f3lica<\/strong>, el origen de esta celebraci\u00f3n se explica en los cuatro evangelios de las Santas Escrituras:&nbsp;<strong>Marcos, Mateo, Juan y Lucas<\/strong>&nbsp;que narran a detalle los d\u00edas que antecedieron a la crucifixi\u00f3n de Jes\u00fas hasta su posterior resurrecci\u00f3n.<\/p>\n\n\n\n<p>Esta semana toma inicio el Domingo de Ramos, donde Jes\u00fas fue recibido con j\u00fabilo en Jerusal\u00e9n con ramas de palmas y aclamado como Rey de Israel mientras iba montado en un burro, de ah\u00ed el nombre Domingo de Ramos. El lunes visit\u00f3 la casa de L\u00e1zaro, advirtiendo a los que utilizaban la palabra cristiana con el pretexto para vender.<\/p>\n\n\n\n<p>El martes se recuerda c\u00f3mo anunci\u00f3 la traici\u00f3n de sus&nbsp;<strong>disc\u00edpulos Judas y Pedro<\/strong>, y el jueves tuvo lugar la \u00faltima cena con sus 12 seguidores mientras les lavaba los pies a cada uno y serv\u00eda un trozo de pan y una copa de vino para representar su cuerpo y su sangre, instaurando de esta forma las misas cristianas.<\/p>\n\n\n\n<p>Este mismo d\u00eda es traicionado por Judas con dos monedas de plata, donde es capturado y encarcelado para que al otro d\u00eda, viernes, sea azotado y&nbsp;<strong>crucificado<\/strong>, siendo el s\u00e1bado su entierro y el Domingo de Resurrecci\u00f3n donde se reencuentra con algunos de sus seguidores.<\/p>\n\n\n\n<p><\/p>\n\n\n\n<p>Fuente: List\u00edn Diario <\/p>\n\n\n\n<p><a href=\"https:\/\/listindiario.com\/la-vida\/religion\/20250413\/semana-santa-cambia-fecha-ano_853501.html\">https:\/\/listindiario.com\/la-vida\/religion\/20250413\/semana-santa-cambia-fecha-ano_853501.html<\/a><\/p>\n","protected":false},"excerpt":{"rendered":"<p>La&nbsp;Semana Santa&nbsp;o Semana Mayor es una celebraci\u00f3n de la Iglesia Cat\u00f3lica que conmemora el sacrificio de&nbsp;Jes\u00fas de Nazaret&nbsp;por la humanidad. Este a\u00f1o inicia oficialmente el d\u00eda 13 de abril,&nbsp;Domingo de Ramos, hasta el 20 de abril, Domingo de Resurrecci\u00f3n. Durante esta jornada cristiana, los feligreses reflexionan sobre la \u00faltima semana de Jesucristo en la tierra [&hellip;]<\/p>\n","protected":false},"author":3,"featured_media":1076,"comment_status":"open","ping_status":"closed","template":"","tags":[],"blog-category":[],"class_list":["post-1075","blog_post","type-blog_post","status-publish","has-post-thumbnail","hentry"],"acf":[],"post_slider_layout_featured_media_urls":{"thumbnail":["https:\/\/ondard.com\/wp-content\/uploads\/2025\/04\/67f1cc5a8732c-150x150.jpeg",150,150,true],"post_slider_layout_landscape_large":["https:\/\/ondard.com\/wp-content\/uploads\/2025\/04\/67f1cc5a8732c.jpeg",800,516,false],"post_slider_layout_portrait_large":["https:\/\/ondard.com\/wp-content\/uploads\/2025\/04\/67f1cc5a8732c.jpeg",800,516,false],"post_slider_layout_square_large":["https:\/\/ondard.com\/wp-content\/uploads\/2025\/04\/67f1cc5a8732c.jpeg",800,516,false],"post_slider_layout_landscape":["https:\/\/ondard.com\/wp-content\/uploads\/2025\/04\/67f1cc5a8732c-600x400.jpeg",600,400,true],"post_slider_layout_portrait":["https:\/\/ondard.com\/wp-content\/uploads\/2025\/04\/67f1cc5a8732c-600x516.jpeg",600,516,true],"post_slider_layout_square":["https:\/\/ondard.com\/wp-content\/uploads\/2025\/04\/67f1cc5a8732c-600x516.jpeg",600,516,true],"full":["https:\/\/ondard.com\/wp-content\/uploads\/2025\/04\/67f1cc5a8732c.jpeg",800,516,false]},"_links":{"self":[{"href":"https:\/\/ondard.com\/index.php?rest_route=\/wp\/v2\/blog_post\/1075","targetHints":{"allow":["GET"]}}],"collection":[{"href":"https:\/\/ondard.com\/index.php?rest_route=\/wp\/v2\/blog_post"}],"about":[{"href":"https:\/\/ondard.com\/index.php?rest_route=\/wp\/v2\/types\/blog_post"}],"author":[{"embeddable":true,"href":"https:\/\/ondard.com\/index.php?rest_route=\/wp\/v2\/users\/3"}],"replies":[{"embeddable":true,"href":"https:\/\/ondard.com\/index.php?rest_route=%2Fwp%2Fv2%2Fcomments&post=1075"}],"wp:featuredmedia":[{"embeddable":true,"href":"https:\/\/ondard.com\/index.php?rest_route=\/wp\/v2\/media\/1076"}],"wp:attachment":[{"href":"https:\/\/ondard.com\/index.php?rest_route=%2Fwp%2Fv2%2Fmedia&parent=1075"}],"wp:term":[{"taxonomy":"post_tag","embeddable":true,"href":"https:\/\/ondard.com\/index.php?rest_route=%2Fwp%2Fv2%2Ftags&post=1075"},{"taxonomy":"blog-category","embeddable":true,"href":"https:\/\/ondard.com\/index.php?rest_route=%2Fwp%2Fv2%2Fblog-category&post=1075"}],"curies":[{"name":"wp","href":"https:\/\/api.w.org\/{rel}","templated":true}]}}