{"id":1040,"date":"2025-03-01T13:26:21","date_gmt":"2025-03-01T13:26:21","guid":{"rendered":"https:\/\/ondard.com\/?post_type=blog_post&#038;p=1040"},"modified":"2025-03-01T13:26:22","modified_gmt":"2025-03-01T13:26:22","slug":"rd-aun-necesita-visado-schengen-para-ingresar-a-europa","status":"publish","type":"blog_post","link":"https:\/\/ondard.com\/?blog_post=rd-aun-necesita-visado-schengen-para-ingresar-a-europa","title":{"rendered":"RD a\u00fan necesita visado Schengen para ingresar a Europa."},"content":{"rendered":"\n<p><\/p>\n\n\n\n<p>A pesar del inter\u00e9s de varios pa\u00edses latinoamericanos, incluyendo Rep\u00fablica Dominicana, Cuba, Bolivia y Ecuador, la Uni\u00f3n Europea a\u00fan no contempla cambios en la lista de exenci\u00f3n de visado Schengen para estos pa\u00edses. La Comisi\u00f3n Europea (CE) ha reconocido el gran inter\u00e9s de estas naciones en obtener la exenci\u00f3n, pero ha afirmado que, por el momento, no hay novedades respecto a la inclusi\u00f3n de estos pa\u00edses en la lista de naciones exentas de visado.<\/p>\n\n\n\n<p>En la actualidad, alrededor de 60 pa\u00edses disfrutan de la exenci\u00f3n de visado para ingresar al espacio Schengen, lo que permite viajar libremente sin&nbsp;<a href=\"https:\/\/cdn.com.do\/destacados\/alemania-justifica-sus-polemicos-controles-fronterizos-por-las-mutaciones\/\" target=\"_blank\" rel=\"noreferrer noopener\">controles fronterizos<\/a>. Sin embargo, los pa\u00edses latinoamericanos m\u00e1s grandes, excepto los mencionados, ya se benefician de esta facilidad, dejando a Rep\u00fablica Dominicana, Cuba, Bolivia y Ecuador en espera.<\/p>\n\n\n\n<h2 class=\"wp-block-heading\" id=\"h-el-desafio-de-la-exencion\">El desaf\u00edo de la exenci\u00f3n<\/h2>\n\n\n\n<p>La situaci\u00f3n sigue siendo compleja, y la Comisi\u00f3n Europea mantiene que no est\u00e1 en posici\u00f3n de anunciar cambios inmediatos. Aunque la decisi\u00f3n final depende de Bruselas, estos pa\u00edses siguen contando con el respaldo de naciones comunitarias clave, como Espa\u00f1a, que ha mostrado apoyo a la solicitud de exenci\u00f3n de visado de estos pa\u00edses.<\/p>\n\n\n\n<p>En particular, la Rep\u00fablica Dominicana ha dado pasos importantes para cumplir con los requisitos necesarios. El pa\u00eds caribe\u00f1o ha comenzado a adoptar el pasaporte biom\u00e9trico, un paso crucial para fortalecer su solicitud de exenci\u00f3n de visado Schengen, en colaboraci\u00f3n con Espa\u00f1a.<\/p>\n\n\n\n<p>Por su parte, Ecuador tambi\u00e9n sigue luchando por lograr la exenci\u00f3n de visado. A pesar de haber quedado fuera de la lista cuando otros pa\u00edses de la regi\u00f3n, como Colombia y Per\u00fa, obtuvieron la exenci\u00f3n, Ecuador mantiene la esperanza de que la situaci\u00f3n cambie. La embajadora ecuatoriana en Madrid, Wilma Andrade, ha expresado que Espa\u00f1a, como principal socio comercial de Ecuador en Europa, ha apoyado consistentemente su solicitud ante la Uni\u00f3n Europea.<\/p>\n\n\n\n<h2 class=\"wp-block-heading\" id=\"h-oportunidades-laborales-y-migracion-regalada\">Oportunidades laborales y migraci\u00f3n regalada<\/h2>\n\n\n\n<p>Andrade subraya que la demanda laboral en Espa\u00f1a en sectores como la construcci\u00f3n, la hosteler\u00eda, el cuidado de ancianos y el servicio dom\u00e9stico presenta una oportunidad significativa para una migraci\u00f3n ordenada, regulada y digna para los ecuatorianos. La comunidad ecuatoriana en Espa\u00f1a es una de las m\u00e1s grandes en Europa, lo que refuerza a\u00fan m\u00e1s el argumento a favor de la exenci\u00f3n de visado.<\/p>\n\n\n\n<p>El vicepresidente de Bolivia, David Choquehuanca, tambi\u00e9n ha recibido apoyo en su visita a Madrid, donde el ministro espa\u00f1ol de Exteriores, Jos\u00e9 Manuel Albares, expres\u00f3 respaldo ante Bruselas para avanzar en la solicitud de exenci\u00f3n de visado para Bolivia.<\/p>\n\n\n\n<h2 class=\"wp-block-heading\" id=\"h-el-espacio-schengen-que-implica\">El espacio Schengen: \u00bfQu\u00e9 implica?<\/h2>\n\n\n\n<p>El Espacio Schengen, que incluye a pa\u00edses como Islandia, Noruega y Suiza, permite a los viajeros moverse sin controles fronterizos entre los pa\u00edses miembros. Sin embargo, no todos los pa\u00edses de la Uni\u00f3n Europea forman parte de Schengen, como es el caso de Irlanda. La ausencia de esta exenci\u00f3n sigue afectando a algunos pa\u00edses latinoamericanos, que contin\u00faan buscando una soluci\u00f3n para obtener este derecho.<\/p>\n\n\n\n<p>Aunque la situaci\u00f3n es incierta y el proceso es largo, los pa\u00edses afectados contin\u00faan trabajando de la mano con&nbsp;<a href=\"https:\/\/european-union.europa.eu\/index_es\" target=\"_blank\" rel=\"noreferrer noopener\">Europa<\/a>&nbsp;para lograr la exenci\u00f3n de visado Schengen, un paso clave para fortalecer sus lazos con la regi\u00f3n.<\/p>\n\n\n\n<p><\/p>\n\n\n\n<p>Fuente: CDN <\/p>\n\n\n\n<p><a href=\"https:\/\/cdn.com.do\/internacionales\/rd-dentro-de-los-paises-latinoamericanos-aun-no-pueden-viajar-libremente-por-europa-te-contamos-por-que\/\">https:\/\/cdn.com.do\/internacionales\/rd-dentro-de-los-paises-latinoamericanos-aun-no-pueden-viajar-libremente-por-europa-te-contamos-por-que\/<\/a><\/p>\n","protected":false},"excerpt":{"rendered":"<p>A pesar del inter\u00e9s de varios pa\u00edses latinoamericanos, incluyendo Rep\u00fablica Dominicana, Cuba, Bolivia y Ecuador, la Uni\u00f3n Europea a\u00fan no contempla cambios en la lista de exenci\u00f3n de visado Schengen para estos pa\u00edses. La Comisi\u00f3n Europea (CE) ha reconocido el gran inter\u00e9s de estas naciones en obtener la exenci\u00f3n, pero ha afirmado que, por el [&hellip;]<\/p>\n","protected":false},"author":3,"featured_media":1041,"comment_status":"open","ping_status":"closed","template":"","tags":[],"blog-category":[],"class_list":["post-1040","blog_post","type-blog_post","status-publish","has-post-thumbnail","hentry"],"acf":[],"post_slider_layout_featured_media_urls":{"thumbnail":["https:\/\/ondard.com\/wp-content\/uploads\/2025\/03\/RD-aun-necesita-visado-Schengen-para-ingresar-a-Europa-150x150.webp",150,150,true],"post_slider_layout_landscape_large":["https:\/\/ondard.com\/wp-content\/uploads\/2025\/03\/RD-aun-necesita-visado-Schengen-para-ingresar-a-Europa-1200x800.webp",1200,800,true],"post_slider_layout_portrait_large":["https:\/\/ondard.com\/wp-content\/uploads\/2025\/03\/RD-aun-necesita-visado-Schengen-para-ingresar-a-Europa-1200x924.webp",1200,924,true],"post_slider_layout_square_large":["https:\/\/ondard.com\/wp-content\/uploads\/2025\/03\/RD-aun-necesita-visado-Schengen-para-ingresar-a-Europa-1200x924.webp",1200,924,true],"post_slider_layout_landscape":["https:\/\/ondard.com\/wp-content\/uploads\/2025\/03\/RD-aun-necesita-visado-Schengen-para-ingresar-a-Europa-600x400.webp",600,400,true],"post_slider_layout_portrait":["https:\/\/ondard.com\/wp-content\/uploads\/2025\/03\/RD-aun-necesita-visado-Schengen-para-ingresar-a-Europa-600x900.webp",600,900,true],"post_slider_layout_square":["https:\/\/ondard.com\/wp-content\/uploads\/2025\/03\/RD-aun-necesita-visado-Schengen-para-ingresar-a-Europa-600x600.webp",600,600,true],"full":["https:\/\/ondard.com\/wp-content\/uploads\/2025\/03\/RD-aun-necesita-visado-Schengen-para-ingresar-a-Europa.webp",1640,924,false]},"_links":{"self":[{"href":"https:\/\/ondard.com\/index.php?rest_route=\/wp\/v2\/blog_post\/1040","targetHints":{"allow":["GET"]}}],"collection":[{"href":"https:\/\/ondard.com\/index.php?rest_route=\/wp\/v2\/blog_post"}],"about":[{"href":"https:\/\/ondard.com\/index.php?rest_route=\/wp\/v2\/types\/blog_post"}],"author":[{"embeddable":true,"href":"https:\/\/ondard.com\/index.php?rest_route=\/wp\/v2\/users\/3"}],"replies":[{"embeddable":true,"href":"https:\/\/ondard.com\/index.php?rest_route=%2Fwp%2Fv2%2Fcomments&post=1040"}],"wp:featuredmedia":[{"embeddable":true,"href":"https:\/\/ondard.com\/index.php?rest_route=\/wp\/v2\/media\/1041"}],"wp:attachment":[{"href":"https:\/\/ondard.com\/index.php?rest_route=%2Fwp%2Fv2%2Fmedia&parent=1040"}],"wp:term":[{"taxonomy":"post_tag","embeddable":true,"href":"https:\/\/ondard.com\/index.php?rest_route=%2Fwp%2Fv2%2Ftags&post=1040"},{"taxonomy":"blog-category","embeddable":true,"href":"https:\/\/ondard.com\/index.php?rest_route=%2Fwp%2Fv2%2Fblog-category&post=1040"}],"curies":[{"name":"wp","href":"https:\/\/api.w.org\/{rel}","templated":true}]}}